{"id":140,"date":"2021-05-13T20:12:37","date_gmt":"2021-05-13T23:12:37","guid":{"rendered":"http:\/\/henriqueapparicioadvbr.dotwork.dominiotemporario.com\/wp\/?p=140"},"modified":"2021-05-14T11:24:37","modified_gmt":"2021-05-14T14:24:37","slug":"editorias-escritos-para-o-jornal-primeira-edicao","status":"publish","type":"post","link":"http:\/\/www.henriqueapparicio.adv.br\/wp\/?p=140","title":{"rendered":"Editoriais escritos para o Jornal Primeira Edi\u00e7\u00e3o"},"content":{"rendered":"\n<p>Abaixo os links para as mat\u00e9rias escritas para o <a rel=\"noreferrer noopener\" href=\"http:\/\/www.pejornal.com.br\" target=\"_blank\">Jornal Primeira Edi\u00e7\u00e3o<\/a><\/p>\n\n\n\n<p><\/p>\n\n\n\n<p><strong><a href=\"https:\/\/pejornal.com.br\/a-pandemia-o-ego-e-a-corrupcao-dr-henrique-apparicio\/\" target=\"_blank\" rel=\"noreferrer noopener\">A Pandemia, o Ego e a Corrup\u00e7\u00e3o<\/a> <\/strong>&#8211; 08\/06\/2020<\/p>\n\n\n\n<p><a href=\"https:\/\/pejornal.com.br\/carapicuiba-cidade-dormitorio-verdade-e-desafio-henrique-apparicio\/\" target=\"_blank\" rel=\"noreferrer noopener\"><strong>Carapicu\u00edba, Cidade Dormit\u00f3rio, Verdade e Desafio!<\/strong><\/a> &#8211; 23\/03\/2020<\/p>\n\n\n\n<p><a href=\"https:\/\/pejornal.com.br\/passe-livre-carapicuiba-tarifa-ou-taxa-dr-henrique-apparicio\/\" target=\"_blank\" rel=\"noreferrer noopener\"><strong>Passe Livre Carapicu\u00edba \u2013 Tarifa ou Taxa?<\/strong><\/a> &#8211; 04\/02\/2020<\/p>\n\n\n\n<p><a href=\"https:\/\/pejornal.com.br\/e-possivel-uma-candidatura-avulsa-no-brasil-preciso-estar-filiado-a-um-partido-politico-para-ser-candidato-dr-henrique-apparicio\/\" target=\"_blank\" rel=\"noreferrer noopener\"><strong>\u00c9 poss\u00edvel uma candidatura avulsa no Brasil? Preciso estar filiado a um partido pol\u00edtico para ser candidato? &#8211; <\/strong><\/a>09\/12\/2019<\/p>\n\n\n\n<p><a href=\"https:\/\/pejornal.com.br\/camara-municipal-de-carapicuiba-rejeita-contas-do-ex-prefeito-sergio-ribeiro-dr-henrique-apparicio\/\" target=\"_blank\" rel=\"noreferrer noopener\"><strong>C\u00e2mara Municipal de Carapicu\u00edba rejeita Contas do ex-prefeito S\u00e9rgio Ribeiro<\/strong><\/a> &#8211; 03\/06\/2019<\/p>\n\n\n\n<p><a href=\"https:\/\/pejornal.com.br\/prezado-leitor-hoje-apresento-as-implicacoes-da-aprovacao-das-contas-de-um-prefeito-municipal-pela-camara-de-vereadores-quando-ha-parecer-contrario-emitido-pelo-tribunal-de-contas-do-estado-dr-hen\/\" target=\"_blank\" rel=\"noreferrer noopener\"><strong>As implica\u00e7\u00f5es da aprova\u00e7\u00e3o das contas de um prefeito municipal pela C\u00e2mara de Vereadores quando h\u00e1 parecer contrario emitido pelo Tribunal de Contas do Estado<\/strong><\/a> &#8211; 17\/05\/2019<\/p>\n\n\n\n<p><\/p>\n\n\n\n<p><\/p>\n","protected":false},"excerpt":{"rendered":"<p>Abaixo os links para as mat\u00e9rias escritas para o Jornal Primeira Edi\u00e7\u00e3o A Pandemia, o Ego e a Corrup\u00e7\u00e3o &#8211; 08\/06\/2020 Carapicu\u00edba, Cidade Dormit\u00f3rio, Verdade e Desafio! &#8211; 23\/03\/2020 Passe Livre Carapicu\u00edba \u2013 Tarifa ou Taxa? &#8211; 04\/02\/2020 \u00c9 poss\u00edvel uma candidatura avulsa no Brasil? Preciso estar filiado a um partido pol\u00edtico para ser candidato?<\/p><\/div>\n<div class=\"blog-btn\"><a href=\"http:\/\/www.henriqueapparicio.adv.br\/wp\/?p=140\" class=\"home-blog-btn\">Ler mais<\/a><\/p>\n","protected":false},"author":1,"featured_media":0,"comment_status":"open","ping_status":"open","sticky":false,"template":"","format":"standard","meta":{"_jetpack_memberships_contains_paid_content":false,"footnotes":""},"categories":[9],"tags":[],"class_list":["post-140","post","type-post","status-publish","format-standard","hentry","category-na-midia"],"jetpack_featured_media_url":"","jetpack_sharing_enabled":true,"_links":{"self":[{"href":"http:\/\/www.henriqueapparicio.adv.br\/wp\/index.php?rest_route=\/wp\/v2\/posts\/140","targetHints":{"allow":["GET"]}}],"collection":[{"href":"http:\/\/www.henriqueapparicio.adv.br\/wp\/index.php?rest_route=\/wp\/v2\/posts"}],"about":[{"href":"http:\/\/www.henriqueapparicio.adv.br\/wp\/index.php?rest_route=\/wp\/v2\/types\/post"}],"author":[{"embeddable":true,"href":"http:\/\/www.henriqueapparicio.adv.br\/wp\/index.php?rest_route=\/wp\/v2\/users\/1"}],"replies":[{"embeddable":true,"href":"http:\/\/www.henriqueapparicio.adv.br\/wp\/index.php?rest_route=%2Fwp%2Fv2%2Fcomments&post=140"}],"version-history":[{"count":5,"href":"http:\/\/www.henriqueapparicio.adv.br\/wp\/index.php?rest_route=\/wp\/v2\/posts\/140\/revisions"}],"predecessor-version":[{"id":150,"href":"http:\/\/www.henriqueapparicio.adv.br\/wp\/index.php?rest_route=\/wp\/v2\/posts\/140\/revisions\/150"}],"wp:attachment":[{"href":"http:\/\/www.henriqueapparicio.adv.br\/wp\/index.php?rest_route=%2Fwp%2Fv2%2Fmedia&parent=140"}],"wp:term":[{"taxonomy":"category","embeddable":true,"href":"http:\/\/www.henriqueapparicio.adv.br\/wp\/index.php?rest_route=%2Fwp%2Fv2%2Fcategories&post=140"},{"taxonomy":"post_tag","embeddable":true,"href":"http:\/\/www.henriqueapparicio.adv.br\/wp\/index.php?rest_route=%2Fwp%2Fv2%2Ftags&post=140"}],"curies":[{"name":"wp","href":"https:\/\/api.w.org\/{rel}","templated":true}]}}